{"id":3810,"date":"2020-12-15T18:48:21","date_gmt":"2020-12-15T17:48:21","guid":{"rendered":"http:\/\/wpnew.procom-international.fr\/?p=3810"},"modified":"2020-12-15T18:50:17","modified_gmt":"2020-12-15T17:50:17","slug":"procom-international-au-salon-des-mdd","status":"publish","type":"post","link":"https:\/\/www.procom-international.fr\/fr\/2020\/12\/15\/procom-international-au-salon-des-mdd\/","title":{"rendered":"Procom International au salon des MDD"},"content":{"rendered":"\n<p>La soci\u00e9t\u00e9 PROCOM sp\u00e9cialis\u00e9e dans l\u2019import-export, a particip\u00e9, les 31 Mars et 1<sup>er<\/sup> Avril, \u00e0 Paris, au<a href=\"http:\/\/mdd-expo.com\/\"> MDD expo<\/a>, le salon de la marque distributeur enseigne de la grande distribution fran\u00e7aise et europ\u00e9enne dans l\u2019hygi\u00e8ne, son c\u0153ur de m\u00e9tier, en particulier les d\u00e9riv\u00e9s du papier. <em>\u00ab&nbsp;Procom vient d\u2019ailleurs de signer un contrat national avec la centrale d\u2019achat Aldi France pour livrer une bobine essuie tout compact de 700 feuilles&nbsp;\u00bb<\/em> explique David SALINIER le directeur g\u00e9n\u00e9ral de PROCOM.<\/p>\n\n\n\n<div class=\"wp-block-image\"><figure class=\"aligncenter\"><a href=\"http:\/\/2016.mdd-expo.com\/\"><img decoding=\"async\" src=\"http:\/\/www.procom-international.fr\/wp-content\/uploads\/2015\/01\/images.png\" alt=\"images\" class=\"wp-image-1954\"\/><\/a><\/figure><\/div>\n\n\n\n<p>Article Midi Libre 02\/04\/2015<\/p>\n","protected":false},"excerpt":{"rendered":"<p>La soci\u00e9t\u00e9 PROCOM sp\u00e9cialis\u00e9e dans l\u2019import-export, a particip\u00e9, les 31 Mars et 1er Avril, \u00e0 Paris, au MDD expo, le salon de la marque distributeur enseigne de la grande distribution fran\u00e7aise et europ\u00e9enne dans l\u2019hygi\u00e8ne, son c\u0153ur de m\u00e9tier, en particulier les d\u00e9riv\u00e9s du papier. \u00ab&nbsp;Procom vient d\u2019ailleurs de signer un contrat national avec la [&hellip;]<\/p>\n","protected":false},"author":1,"featured_media":3488,"comment_status":"closed","ping_status":"closed","sticky":false,"template":"","format":"standard","meta":{"footnotes":""},"categories":[44],"tags":[],"class_list":["post-3810","post","type-post","status-publish","format-standard","has-post-thumbnail","hentry","category-actualites"],"_links":{"self":[{"href":"https:\/\/www.procom-international.fr\/fr\/wp-json\/wp\/v2\/posts\/3810","targetHints":{"allow":["GET"]}}],"collection":[{"href":"https:\/\/www.procom-international.fr\/fr\/wp-json\/wp\/v2\/posts"}],"about":[{"href":"https:\/\/www.procom-international.fr\/fr\/wp-json\/wp\/v2\/types\/post"}],"author":[{"embeddable":true,"href":"https:\/\/www.procom-international.fr\/fr\/wp-json\/wp\/v2\/users\/1"}],"replies":[{"embeddable":true,"href":"https:\/\/www.procom-international.fr\/fr\/wp-json\/wp\/v2\/comments?post=3810"}],"version-history":[{"count":1,"href":"https:\/\/www.procom-international.fr\/fr\/wp-json\/wp\/v2\/posts\/3810\/revisions"}],"predecessor-version":[{"id":3812,"href":"https:\/\/www.procom-international.fr\/fr\/wp-json\/wp\/v2\/posts\/3810\/revisions\/3812"}],"wp:featuredmedia":[{"embeddable":true,"href":"https:\/\/www.procom-international.fr\/fr\/wp-json\/wp\/v2\/media\/3488"}],"wp:attachment":[{"href":"https:\/\/www.procom-international.fr\/fr\/wp-json\/wp\/v2\/media?parent=3810"}],"wp:term":[{"taxonomy":"category","embeddable":true,"href":"https:\/\/www.procom-international.fr\/fr\/wp-json\/wp\/v2\/categories?post=3810"},{"taxonomy":"post_tag","embeddable":true,"href":"https:\/\/www.procom-international.fr\/fr\/wp-json\/wp\/v2\/tags?post=3810"}],"curies":[{"name":"wp","href":"https:\/\/api.w.org\/{rel}","templated":true}]}}