{"id":3807,"date":"2020-12-15T18:47:32","date_gmt":"2020-12-15T17:47:32","guid":{"rendered":"http:\/\/wpnew.procom-international.fr\/?p=3807"},"modified":"2020-12-15T18:50:24","modified_gmt":"2020-12-15T17:50:24","slug":"international-procom-en-pole","status":"publish","type":"post","link":"https:\/\/www.procom-international.fr\/fr\/2020\/12\/15\/international-procom-en-pole\/","title":{"rendered":"International: Procom en p\u00f4le"},"content":{"rendered":"\n<p>La soci\u00e9t\u00e9 Montpelli\u00e9raine Procom\u00a0 international, dirig\u00e9e par David Salinier, vient de participer, \u00e0 Paris, au salon MDD expo, sp\u00e9cialis\u00e9 dans la marque de distributeur. Procom qui d\u00e9veloppe des activit\u00e9s \u00e0 l\u2019international, r\u00e9alise pour la grande distribution une trentaine de marques. <em>\u00ab\u00a0Ces marques de distributeurs repr\u00e9sentent 40% de notre activit\u00e9\u00a0\u00bb<\/em> explique David Salinier. Le reste est r\u00e9parti entre la cr\u00e9ation de marques propres (20%) et les marques fournisseurs distribu\u00e9es \u00e0 l\u2019international (40%). Procom vient de d\u00e9crocher l\u2019exclusivit\u00e9 de la repr\u00e9sentation de la soci\u00e9t\u00e9 italienne Papergroup, sp\u00e9cialis\u00e9e dans les produits papiers. L\u2019objectif\u00a0: \u00ab\u00a0d\u00e9crocher des r\u00e9f\u00e9rencement de nos produits dans deux enseignes suppl\u00e9mentaires en plus de Norma, Cora, Match, Intermarch\u00e9 et Mutant\u00a0\u00bb, affiche son dirigeant.<\/p>\n\n\n\n<p><\/p>\n\n\n\n<p>Article Midi libre 28\/04\/2014<\/p>\n","protected":false},"excerpt":{"rendered":"<p>La soci\u00e9t\u00e9 Montpelli\u00e9raine Procom\u00a0 international, dirig\u00e9e par David Salinier, vient de participer, \u00e0 Paris, au salon MDD expo, sp\u00e9cialis\u00e9 dans la marque de distributeur. Procom qui d\u00e9veloppe des activit\u00e9s \u00e0 l\u2019international, r\u00e9alise pour la grande distribution une trentaine de marques. \u00ab\u00a0Ces marques de distributeurs repr\u00e9sentent 40% de notre activit\u00e9\u00a0\u00bb explique David Salinier. Le reste est [&hellip;]<\/p>\n","protected":false},"author":1,"featured_media":3486,"comment_status":"closed","ping_status":"closed","sticky":false,"template":"","format":"standard","meta":{"footnotes":""},"categories":[44],"tags":[],"class_list":["post-3807","post","type-post","status-publish","format-standard","has-post-thumbnail","hentry","category-actualites"],"_links":{"self":[{"href":"https:\/\/www.procom-international.fr\/fr\/wp-json\/wp\/v2\/posts\/3807","targetHints":{"allow":["GET"]}}],"collection":[{"href":"https:\/\/www.procom-international.fr\/fr\/wp-json\/wp\/v2\/posts"}],"about":[{"href":"https:\/\/www.procom-international.fr\/fr\/wp-json\/wp\/v2\/types\/post"}],"author":[{"embeddable":true,"href":"https:\/\/www.procom-international.fr\/fr\/wp-json\/wp\/v2\/users\/1"}],"replies":[{"embeddable":true,"href":"https:\/\/www.procom-international.fr\/fr\/wp-json\/wp\/v2\/comments?post=3807"}],"version-history":[{"count":1,"href":"https:\/\/www.procom-international.fr\/fr\/wp-json\/wp\/v2\/posts\/3807\/revisions"}],"predecessor-version":[{"id":3809,"href":"https:\/\/www.procom-international.fr\/fr\/wp-json\/wp\/v2\/posts\/3807\/revisions\/3809"}],"wp:featuredmedia":[{"embeddable":true,"href":"https:\/\/www.procom-international.fr\/fr\/wp-json\/wp\/v2\/media\/3486"}],"wp:attachment":[{"href":"https:\/\/www.procom-international.fr\/fr\/wp-json\/wp\/v2\/media?parent=3807"}],"wp:term":[{"taxonomy":"category","embeddable":true,"href":"https:\/\/www.procom-international.fr\/fr\/wp-json\/wp\/v2\/categories?post=3807"},{"taxonomy":"post_tag","embeddable":true,"href":"https:\/\/www.procom-international.fr\/fr\/wp-json\/wp\/v2\/tags?post=3807"}],"curies":[{"name":"wp","href":"https:\/\/api.w.org\/{rel}","templated":true}]}}